{"id":2364,"date":"2020-08-25T15:53:10","date_gmt":"2020-08-25T12:53:10","guid":{"rendered":"https:\/\/www.kemalarikan.com\/covid-19-salgini-ve-ruh-sagligi.html"},"modified":"2021-01-06T22:40:18","modified_gmt":"2021-01-06T19:40:18","slug":"covid-19-pandemic-and-mental-health","status":"publish","type":"post","link":"https:\/\/www.kemalarikan.com\/en\/covid-19-pandemic-and-mental-health.html","title":{"rendered":"COVID-19 Pandemic and Mental Health"},"content":{"rendered":"<p>COVID-19 (2019-nCoV), an acute respiratory tract disease with uncertain causes, is known to have occurred in Wuhan in December 2019. On March 11, the World Health Organization (WHO) declared it a \u201cpandemic\u201d, when the COVID-19 virus increasingly continued to spread across the globe.<\/p>\n<p>China is among the countries that have been seriously affected by COVID-19 since December 2019. In a study that aimed to analyze the mental health burden of the Chinese people, demographic data, COVID-19-related information, as well as data regarding generalized anxiety disorder (GAD), depressive symptoms, and sleep quality, were collected from 7,236 volunteers by using a web-based questionnaire.<\/p>\n<p>The overall GAD prevalence, depressive symptoms, and sleep quality of the people were found as 35.1%, 20.1%, and 18.2% respectively.<strong> Significantly higher levels of prevalence of GAD and depressive symptoms were reported in the youths, compared to elderlies.<\/strong><\/p>\n<p>When compared to other occupational groups, <strong>it was seen that healthcare professionals were under a high risk in terms of low sleep quality. \u00a0Moreover, it was found that age (ages &lt;35), and the time spent to focus on COVID-19 (\u2265 3 hours on a daily basis) were associated with GAD.<\/strong><\/p>\n<p>This study determined that the people had an enormous mental health burden over the course of the COVID-19 pandemic. Consequently, <strong>monitoring psychological health constantly, and providing early diagnosis and early intervention opportunities for psychiatric and psychological diseases should become a routine as a part of the attempts for a worldwide preparation for diseases, which bear the potential of turning into a pandemic and which threaten the life itself. <\/strong><\/p>\n<p><strong>REFERENCES:<\/strong><br \/>\nHuang, Y., &amp; Zhao, N. (2020). Generalized anxiety disorder, depressive symptoms and sleep quality during COVID-19 outbreak in China: a web-based cross-sectional survey. Psychiatry Research, 112954.<\/p>\n","protected":false},"excerpt":{"rendered":"<p>Monitoring psychological health constantly, and providing early diagnosis and early intervention opportunities for psychiatric and psychological diseases should become a routine as a part of the attempts for a worldwide preparation for diseases, which bear the potential of turning into a pandemic and which threaten the life itself.<\/p>\n","protected":false},"author":5,"featured_media":2131,"comment_status":"open","ping_status":"closed","sticky":false,"template":"","format":"standard","meta":{"_acf_changed":false,"footnotes":""},"categories":[499],"tags":[],"class_list":["post-2364","post","type-post","status-publish","format-standard","has-post-thumbnail","hentry","category-news"],"acf":[],"yoast_head":"<!-- This site is optimized with the Yoast SEO plugin v27.1.1 - https:\/\/yoast.com\/product\/yoast-seo-wordpress\/ -->\n<title>COVID-19 Pandemic and Mental Health<\/title>\n<meta name=\"description\" content=\"Monitoring psychological health constantly, and providing early diagnosis and early intervention opportunities for psychiatric and psychological diseases should become a routine as a part of the attempts for a worldwide preparation for diseases, which bear the potential of turning into a pandemic and which threaten the life itself.\" \/>\n<meta name=\"robots\" content=\"index, follow, max-snippet:-1, max-image-preview:large, max-video-preview:-1\" \/>\n<link rel=\"canonical\" href=\"https:\/\/www.kemalarikan.com\/en\/covid-19-pandemic-and-mental-health.html\" \/>\n<meta property=\"og:locale\" content=\"en_US\" \/>\n<meta property=\"og:type\" content=\"article\" \/>\n<meta property=\"og:title\" content=\"COVID-19 Pandemic and Mental Health\" \/>\n<meta property=\"og:description\" content=\"Monitoring psychological health constantly, and providing early diagnosis and early intervention opportunities for psychiatric and psychological diseases should become a routine as a part of the attempts for a worldwide preparation for diseases, which bear the potential of turning into a pandemic and which threaten the life itself.\" \/>\n<meta property=\"og:url\" content=\"https:\/\/www.kemalarikan.com\/en\/covid-19-pandemic-and-mental-health.html\" \/>\n<meta property=\"og:site_name\" content=\"Psychiatrist Prof. Dr. Kemal Ar\u0131kan\" \/>\n<meta property=\"article:published_time\" content=\"2020-08-25T12:53:10+00:00\" \/>\n<meta property=\"article:modified_time\" content=\"2021-01-06T19:40:18+00:00\" \/>\n<meta property=\"og:image\" content=\"https:\/\/www.kemalarikan.com\/wp-content\/uploads\/2020\/08\/covid-19-salgini-ve-ruh-sagligi.jpg\" \/>\n\t<meta property=\"og:image:width\" content=\"1280\" \/>\n\t<meta property=\"og:image:height\" content=\"720\" \/>\n\t<meta property=\"og:image:type\" content=\"image\/jpeg\" \/>\n<meta name=\"author\" content=\"Edit\u00f6r\" \/>\n<meta name=\"twitter:card\" content=\"summary_large_image\" \/>\n<meta name=\"twitter:creator\" content=\"@mkemalarikan\" \/>\n<meta name=\"twitter:site\" content=\"@mkemalarikan\" \/>\n<!-- \/ Yoast SEO plugin. -->","yoast_head_json":{"title":"COVID-19 Pandemic and Mental Health","description":"Monitoring psychological health constantly, and providing early diagnosis and early intervention opportunities for psychiatric and psychological diseases should become a routine as a part of the attempts for a worldwide preparation for diseases, which bear the potential of turning into a pandemic and which threaten the life itself.","robots":{"index":"index","follow":"follow","max-snippet":"max-snippet:-1","max-image-preview":"max-image-preview:large","max-video-preview":"max-video-preview:-1"},"canonical":"https:\/\/www.kemalarikan.com\/en\/covid-19-pandemic-and-mental-health.html","og_locale":"en_US","og_type":"article","og_title":"COVID-19 Pandemic and Mental Health","og_description":"Monitoring psychological health constantly, and providing early diagnosis and early intervention opportunities for psychiatric and psychological diseases should become a routine as a part of the attempts for a worldwide preparation for diseases, which bear the potential of turning into a pandemic and which threaten the life itself.","og_url":"https:\/\/www.kemalarikan.com\/en\/covid-19-pandemic-and-mental-health.html","og_site_name":"Psychiatrist Prof. Dr. Kemal Ar\u0131kan","article_published_time":"2020-08-25T12:53:10+00:00","article_modified_time":"2021-01-06T19:40:18+00:00","og_image":[{"width":1280,"height":720,"url":"https:\/\/www.kemalarikan.com\/wp-content\/uploads\/2020\/08\/covid-19-salgini-ve-ruh-sagligi.jpg","type":"image\/jpeg"}],"author":"Edit\u00f6r","twitter_card":"summary_large_image","twitter_creator":"@mkemalarikan","twitter_site":"@mkemalarikan","schema":{"@context":"https:\/\/schema.org","@graph":[{"@type":"Article","@id":"https:\/\/www.kemalarikan.com\/en\/covid-19-pandemic-and-mental-health.html#article","isPartOf":{"@id":"https:\/\/www.kemalarikan.com\/en\/covid-19-pandemic-and-mental-health.html"},"author":{"name":"Edit\u00f6r","@id":"https:\/\/www.kemalarikan.com\/#\/schema\/person\/ac6150d72aa5e8b71b674508f64cccc8"},"headline":"COVID-19 Pandemic and Mental Health","datePublished":"2020-08-25T12:53:10+00:00","dateModified":"2021-01-06T19:40:18+00:00","mainEntityOfPage":{"@id":"https:\/\/www.kemalarikan.com\/en\/covid-19-pandemic-and-mental-health.html"},"wordCount":279,"commentCount":0,"publisher":{"@id":"https:\/\/www.kemalarikan.com\/#\/schema\/person\/2b972e4af95908f42de4dc4086e32836"},"image":{"@id":"https:\/\/www.kemalarikan.com\/en\/covid-19-pandemic-and-mental-health.html#primaryimage"},"thumbnailUrl":"https:\/\/www.kemalarikan.com\/wp-content\/uploads\/2020\/08\/covid-19-salgini-ve-ruh-sagligi.jpg","articleSection":["News"],"inLanguage":"en-US","potentialAction":[{"@type":"CommentAction","name":"Comment","target":["https:\/\/www.kemalarikan.com\/en\/covid-19-pandemic-and-mental-health.html#respond"]}]},{"@type":"WebPage","@id":"https:\/\/www.kemalarikan.com\/en\/covid-19-pandemic-and-mental-health.html","url":"https:\/\/www.kemalarikan.com\/en\/covid-19-pandemic-and-mental-health.html","name":"COVID-19 Pandemic and Mental Health","isPartOf":{"@id":"https:\/\/www.kemalarikan.com\/#website"},"primaryImageOfPage":{"@id":"https:\/\/www.kemalarikan.com\/en\/covid-19-pandemic-and-mental-health.html#primaryimage"},"image":{"@id":"https:\/\/www.kemalarikan.com\/en\/covid-19-pandemic-and-mental-health.html#primaryimage"},"thumbnailUrl":"https:\/\/www.kemalarikan.com\/wp-content\/uploads\/2020\/08\/covid-19-salgini-ve-ruh-sagligi.jpg","datePublished":"2020-08-25T12:53:10+00:00","dateModified":"2021-01-06T19:40:18+00:00","description":"Monitoring psychological health constantly, and providing early diagnosis and early intervention opportunities for psychiatric and psychological diseases should become a routine as a part of the attempts for a worldwide preparation for diseases, which bear the potential of turning into a pandemic and which threaten the life itself.","breadcrumb":{"@id":"https:\/\/www.kemalarikan.com\/en\/covid-19-pandemic-and-mental-health.html#breadcrumb"},"inLanguage":"en-US","potentialAction":[{"@type":"ReadAction","target":["https:\/\/www.kemalarikan.com\/en\/covid-19-pandemic-and-mental-health.html"]}]},{"@type":"ImageObject","inLanguage":"en-US","@id":"https:\/\/www.kemalarikan.com\/en\/covid-19-pandemic-and-mental-health.html#primaryimage","url":"https:\/\/www.kemalarikan.com\/wp-content\/uploads\/2020\/08\/covid-19-salgini-ve-ruh-sagligi.jpg","contentUrl":"https:\/\/www.kemalarikan.com\/wp-content\/uploads\/2020\/08\/covid-19-salgini-ve-ruh-sagligi.jpg","width":1280,"height":720,"caption":"COVID-19 Salg\u0131n\u0131 ve Ruh Sa\u011fl\u0131\u011f\u0131"},{"@type":"BreadcrumbList","@id":"https:\/\/www.kemalarikan.com\/en\/covid-19-pandemic-and-mental-health.html#breadcrumb","itemListElement":[{"@type":"ListItem","position":1,"name":"","item":"https:\/\/www.kemalarikan.com\/"},{"@type":"ListItem","position":2,"name":"Haberler","item":"https:\/\/www.kemalarikan.com\/haberler"},{"@type":"ListItem","position":3,"name":"COVID-19 Pandemic and Mental Health"}]},{"@type":"WebSite","@id":"https:\/\/www.kemalarikan.com\/#website","url":"https:\/\/www.kemalarikan.com\/","name":"Psychiatrist Prof. Dr. Kemal Ar\u0131kan","description":"Psychiatrist Prof. Dr. Kemal Ar\u0131kan's articles, publications and videos are published personal web site","publisher":{"@id":"https:\/\/www.kemalarikan.com\/#\/schema\/person\/2b972e4af95908f42de4dc4086e32836"},"potentialAction":[{"@type":"SearchAction","target":{"@type":"EntryPoint","urlTemplate":"https:\/\/www.kemalarikan.com\/?s={search_term_string}"},"query-input":{"@type":"PropertyValueSpecification","valueRequired":true,"valueName":"search_term_string"}}],"inLanguage":"en-US"},{"@type":["Person","Organization"],"@id":"https:\/\/www.kemalarikan.com\/#\/schema\/person\/2b972e4af95908f42de4dc4086e32836","name":"Kemal Ar\u0131kan","image":{"@type":"ImageObject","inLanguage":"en-US","@id":"https:\/\/www.kemalarikan.com\/#\/schema\/person\/image\/","url":"https:\/\/www.kemalarikan.com\/wp-content\/uploads\/2022\/04\/prof-dr-kemal-arikan-psikiyatrist.jpg","contentUrl":"https:\/\/www.kemalarikan.com\/wp-content\/uploads\/2022\/04\/prof-dr-kemal-arikan-psikiyatrist.jpg","width":1280,"height":720,"caption":"Kemal Ar\u0131kan"},"logo":{"@id":"https:\/\/www.kemalarikan.com\/#\/schema\/person\/image\/"},"sameAs":["https:\/\/www.kemalarikan.com\/"]},{"@type":"Person","@id":"https:\/\/www.kemalarikan.com\/#\/schema\/person\/ac6150d72aa5e8b71b674508f64cccc8","name":"Edit\u00f6r","sameAs":["https:\/\/www.kemalarikan.com\/"],"url":"https:\/\/www.kemalarikan.com\/en\/author\/emec"}]}},"_links":{"self":[{"href":"https:\/\/www.kemalarikan.com\/en\/wp-json\/wp\/v2\/posts\/2364","targetHints":{"allow":["GET"]}}],"collection":[{"href":"https:\/\/www.kemalarikan.com\/en\/wp-json\/wp\/v2\/posts"}],"about":[{"href":"https:\/\/www.kemalarikan.com\/en\/wp-json\/wp\/v2\/types\/post"}],"author":[{"embeddable":true,"href":"https:\/\/www.kemalarikan.com\/en\/wp-json\/wp\/v2\/users\/5"}],"replies":[{"embeddable":true,"href":"https:\/\/www.kemalarikan.com\/en\/wp-json\/wp\/v2\/comments?post=2364"}],"version-history":[{"count":0,"href":"https:\/\/www.kemalarikan.com\/en\/wp-json\/wp\/v2\/posts\/2364\/revisions"}],"wp:featuredmedia":[{"embeddable":true,"href":"https:\/\/www.kemalarikan.com\/en\/wp-json\/wp\/v2\/media\/2131"}],"wp:attachment":[{"href":"https:\/\/www.kemalarikan.com\/en\/wp-json\/wp\/v2\/media?parent=2364"}],"wp:term":[{"taxonomy":"category","embeddable":true,"href":"https:\/\/www.kemalarikan.com\/en\/wp-json\/wp\/v2\/categories?post=2364"},{"taxonomy":"post_tag","embeddable":true,"href":"https:\/\/www.kemalarikan.com\/en\/wp-json\/wp\/v2\/tags?post=2364"}],"curies":[{"name":"wp","href":"https:\/\/api.w.org\/{rel}","templated":true}]}}